{"id":357,"date":"2024-02-16T08:40:38","date_gmt":"2024-02-16T07:40:38","guid":{"rendered":"https:\/\/www.apvd.it\/oranjuice\/?p=357"},"modified":"2024-02-16T08:40:41","modified_gmt":"2024-02-16T07:40:41","slug":"apple-vision-pro-tutto-quello-che-ce-da-sapere","status":"publish","type":"post","link":"https:\/\/www.apvd.it\/oranjuice\/apple-vision-pro-tutto-quello-che-ce-da-sapere\/","title":{"rendered":"Apple vision pro: tutto quello che c&#8217;\u00e8 da sapere"},"content":{"rendered":"<span class=\"rt-reading-time\" style=\"display: block;\"><span class=\"rt-label rt-prefix\">Tempo di lettura: <\/span> <span class=\"rt-time\">5<\/span> <span class=\"rt-label rt-postfix\">minuti<\/span><\/span>\n<p>Durante la Worldwide Developers Conference (WWDC) nel 2023, Apple ha presentato Vision Pro, un visore che sfrutta la realt\u00e0 aumentata (AR) e la realt\u00e0 virtuale (VR). Il visore \u00e8 stato realizzato dall\u2019azienda Cupertino, ha un proprio sistema operativo dal nome VisorOS e integra il framework di sviluppo ARKit 6. Il prodotto \u00e8 in vendita dal 2 febbraio 2024 ma solo nel mercato americano.<\/p>\n\n\n\n<h2>La realt\u00e0 virtuale e aumentata<\/h2>\n\n\n\n<p>La realt\u00e0 virtuale \u00e8 una tecnologia immersiva che va a inserire l\u2019utente in un ambiente 3D simulato, andando ad isolare l\u2019utente dal mondo reale circostante. Mentre la realt\u00e0 aumentata ha origine dall\u2019unione di informazioni digitali nell\u2019ambiente reale in cui l\u2019utente \u00e8 inserito.\u00a0<\/p>\n\n\n\n<h2>Il framework di sviluppo ARKit 6, il LiDAR scanner e la True Depth camera<\/h2>\n\n\n\n<p>ARKit6 \u00e8 un framework di sviluppo utilizzato per la definizione delle app in realt\u00e0 aumentata per iOS. Nel caso di Apple vision pro, viene usata questa tecnologia in unione ad alcuni sensori, come il LiDAR scanner che consentono una mappatura dell\u2019ambiente circostante. Una volta mappato l\u2019ambiente intorno all\u2019utente, il LiDAR scanner si connette con la True Depth camera e in questo modo l\u2019utente vede contenuti digitali come se fossero davvero posizionali nello spazio che lo circonda. Si sviluppa quindi una sorta di Mixed Reality : gli utenti quindi non si isolano in un mondo di pixel ma vedono cosa succede attorno a loro.<\/p>\n\n\n\n<h2>Cosa consente di fare Apple vision pro<\/h2>\n\n\n\n<p>Apple vision pro consente all\u2019utente di navigare con gli occhi. Guardando un&#8217;app la si seleziona e con due dita la si attiva. Questa \u00e8 una gesture brevettata dal nome \u201cFlick\u201d che sfrutta i sensori del visore. E&#8217; possibile anche ingrandire la schermata visualizzata \u201cpizzicandola\u201d con due dita e registrare la propria voce per dettare messaggi o inviare comandi vocali al visore.<\/p>\n\n\n\n<p>Le app possono essere utilizzate contemporaneamente, proprio come se si avessero pi\u00f9 schede aperte sul desktop del proprio pc.&nbsp;<\/p>\n\n\n\n<h2>L\u2019uso<\/h2>\n\n\n\n<p>Il visore \u00e8 stato pensato per un uso nella vita quotidiana. L\u2019utente pu\u00f2:<\/p>\n\n\n\n<ul><li>Registrare video<\/li><li>Scattare foto<\/li><li>Vedere film come se fosse al cinema (con la modalit\u00e0 di visualizzazione \u201cPro Display XDR\u201d che da una resa cromatica delle immagini altissime)<\/li><li>ascoltare audio o musica&nbsp;<\/li><li>giocare in modo immersivo a videogiochi&nbsp;<\/li><li>proiettare paesaggi e diversi ambienti<\/li><\/ul>\n\n\n\n<p>Anche nel mondo del lavoro ci sono grandi cambiamenti: \u00e8 possibile chattare, parlare con colleghi o lavorare insieme su documenti o progetti senza usare chiamare. Infatti, il sistema di scanner inserito, scannerizza l\u2019utente e lo rappresenta all\u2019altro utente in contatto.<\/p>\n\n\n\n<h2>L&#8217;Hardware<\/h2>\n\n\n\n<p>L\u2019hardware \u00e8 leggero: il visore ha un telaio in lega di alluminio leggermente curvo per avvolgere il viso. Il display \u00e8 stratificato perch\u00e8 deve permettere una proiezione interna (delle app nello spazio circostante) e quella esterna (quando l\u2019user guarda nello spazio in cui \u00e8 inserito). L\u2019imbottitura \u00e8 leggera e si adatta al viso, in questo modo non entra luce esterna mentre il dispositivo \u00e8 in uso. La fascia per la testa \u00e8 elastica, traspirante e regolabile.&nbsp;<\/p>\n\n\n\n<p>E\u2019 presente una batteria esterna con una autonomia di 2 ore, collegata con un cavo al visore che si pu\u00f2 riporre comodamente in una tasca del pantalone.&nbsp;<\/p>\n\n\n\n<p>Il design \u00e8 dual-chip con processore M2 che da potenza al visore e gli consente una proiezione di immagini ad alta risoluzione.&nbsp;<\/p>\n\n\n\n<h2>I problemi sollevati<\/h2>\n\n\n\n<p>Un primo problema sollevato \u00e8 stato quello dell\u2019isolamento dell\u2019utente durante il suo utilizzo. Questa problematica viene risolta secondo Apple con la tecnologia EyeSight che fa capire all\u2019utente se sta usando app o se \u00e8 completamente immerso nella realt\u00e0 virtuale. Quindi una persona pu\u00f2 liberamente decidere se essere completamente immerso nella realt\u00e0 virtuale o se visionare il mondo circostante.&nbsp;<\/p>\n\n\n\n<p>Inoltre chi circonda l\u2019utente vede i suoi occhi perch\u00e8 quando si avvicina all\u2019user il display frontale riproduce gli occhi dell\u2019user del visore. Questo \u00e8 un importante progresso e punto di differenziazione per Apple perch\u00e9 altri visori concorrenti non consentono questa funzione.&nbsp;<\/p>\n\n\n\n<p>Il visore inoltre riproduce completamente i suoni dell\u2019ambiente esterno grazie a sistema di Ambient Spatial Audio. Vi sono posizionati in Apple vsion pro degli altoparlanti che generano un suono all\u2019utente che sembra provenire dall\u2019ambiente esterno e cos\u00ec mantiene la consapevolezza dell\u2019ambiente circostante.&nbsp;<\/p>\n\n\n\n<p>Il punto attualmente pi\u00f9 dolente \u00e8 il costo: il visore \u00e8 molto costoso, ha un prezzo di 3499 dollari e attualmente \u00e8 solo disponibile nel mercato statunitense.&nbsp;<\/p>\n\n\n\n<p>Un\u2019ulteriore problema si ha dal punto di vista sociale e relazionale: osservando chi lo indossa, appare come se le persone stessero gesticolando a caso come mosche cieche facendo scatti senza senso apparente con la testa. Chi lo ha provato afferma: \u201cLe persone ti trattano in modo leggermente diverso quando indossi un Vision Pro.&#8221;<\/p>\n\n\n\n<p>Vi \u00e8 anche il peso del visore non da poco: pesa circa mezzo chilo e quindi appesantisce il collo, il che rende difficile il suo uso prolungato.&nbsp;<\/p>\n\n\n\n<h2>I commenti di chi lo ha usato<\/h2>\n\n\n\n<p>Un giornalista del Washington Post, Chris Velazco, ha indossato per due settimane il Vision Pro da 3.499 dollari lanciato da Apple, definendolo come qualcosa di ingombrante e costoso.&nbsp; Tutavia, \u00e8 ancora la prima generazione, una sorta di esperimento. Afferma anche che il prodotto \u00e8 pesante e quindi occorrono delle pause durante la giornata, ma l\u2019uso non provoca nausea.&nbsp;<\/p>\n\n\n\n<p>Altri che lo hanno provato affermano anche che occorra un po\u2019 di \u201callenamento\u201d per impararlo ad usare perch\u00e8 navigare con gli occhi \u00e8 qualcosa che mai si \u00e8 fatto prima.&nbsp;<\/p>\n\n\n\n<p>Il Wall Street Journal ha definito il visore come \u201cil prodotto meno convenzionale della storia di Apple\u201d.&nbsp;<\/p>\n\n\n\n<h2>Il lancio fuori dagli Stati Uniti<\/h2>\n\n\n\n<p>Il lancio ufficiale negli stati uniti \u00e8 avvenuto il 2 febbraio 2024, ma l&#8217;analista specializzato in tecnologia Apple, Ming-Chi Kuo, suggerisce che il primo lancio del Vision Pro al di fuori degli Stati Uniti potrebbe avvenire prima della Worldwide Developers Conference (WWDC) di giugno 2024. Il motivo della limitata attuale vendita del prodotto solo nella zona statunitense \u00e8 probabilmente la disponibilit\u00e0 limitata del prodotto, o forse anche perch\u00e8 Apple necessita di tempo per adattare il software alle esigenze dei vari paesi. Una volta terminate gli ultimi aggiustamenti, si prevede che il Vision Pro sar\u00e0 disponibile in pi\u00f9 mercati.<\/p>\n\n\n\n<h2>Le app disponibili<\/h2>\n\n\n\n<p>Il vision pro ha un proprio App store. Dal momento in cui questo prodotto \u00e8 stato introdotto nel mercato, erano circa 600 le app disponibili, appositamente sviluppate per sfruttare al meglio il visore. In 10 giorni il quantitativo di app \u00e8 aumentato di oltre 400.&nbsp;<\/p>\n\n\n\n<p>Attualmente per\u00f2, mancano ancora alcune delle app che vengono maggiormente utilizzate dagli utenti su altre piattaforme come Netflix, Spotify e YouTube. Per poterle usare sul visore, i possessori dovranno per ora usare il browser di navigazione web di Apple, Safari.<\/p>\n\n\n\n<p>Netflix ha affermato che per ora non intende realizzare un&#8217;app per Apple vision pro perch\u00e8 la sua diffusione, afferma, &#8220;\u00e8 cos\u00ec marginale che non \u00e8 particolarmente rilevante per la maggior parte dei nostri abbonati\u2026Il costo di sviluppo, a oggi, sarebbe superiore al beneficio che si otterrebbe: dobbiamo stare attenti a non investire in prodotti che attualmente non rendono&#8221;. Quindi finch\u00e8 non si avr\u00e0 una diffusione del prodotto nel mercato e verr\u00e0 utilizzato da un numero elevato di utenti, l\u2019azienda non svilupper\u00e0 una propria app.&nbsp;<\/p>\n\n\n\n<h2>I primi competitors&nbsp;<\/h2>\n\n\n\n<p>Con il lancio di un nuovo prodotto sul mercato, non ci vuole tanto tempo prima che emergano gi\u00e0 i primi competitors. Nel caso di Apple vision pro, un competitor che merita una citazione \u00e8 il visore Quest di Meta, di cui gi\u00e0 ne sono presenti diverse versioni. La cosa interessante \u00e8 che Mark Zuckerberg, CEO di Meta, ha provato i visori del competitor Apple commentandoli in questo modo: &#8220;Non penso solo che questo sia il miglior rapporto qualit\u00e0-prezzo, penso che Quest sia il prodotto migliore, punto&#8221;.&nbsp;<\/p>\n\n\n\n<p>In un video pubblicato sul suo profilo Instagram, lui mette a confronto le specifiche tecniche di Quest 3 e Vision Pro, evidenziando vari punti di forza del dispositivo della sua azienda. Il suo dispositivo peserebbe 120g in meno, quindi sarebbe pi\u00f9 comodo da indossare a lungo. La batteria interna al visore consentirebbe una maggiore libert\u00e0 di movimento e anche il campo visivo offerto \u00e8 pi\u00f9 ampio. Il visore Quest 3 da la possibilit\u00e0 di utilizzare controller fisici, reputati da lui come delle estensioni delle mani dell\u2019utente, rendendo il visore di facile utilizzo rispetto a quello concorrente.&nbsp;<\/p>\n\n\n\n<p>L\u2019unica cosa che \u00e8 presente in Apple vision pro rispetto a Quest 3 \u00e8 il tracciamento oculare, ma Zuckerberg ha affermato che provveder\u00e0 al suo inserimento. Ciononostante, il CEO ha ammesso che Vision Pro \u00e8 migliore in alcuni aspetti: come i display.<\/p>\n\n\n\n<p>Non \u00e8 mancato da parte sua anche un commento sul prezzo: il suo prodotto \u00e8 &#8220;qualcosa come sette volte meno costoso&#8221;.&nbsp;<\/p>\n\n\n\n<p><\/p>\n\n\n\n<p><\/p>\n\n\n\n<p>Rimani aggiornato sulle ultime novit\u00e0 del campo del marketing e la comunicazione, seguici sui nostri social media!<\/p>\n\n\n\n<ul class=\"wp-container-1 wp-block-social-links\"><li class=\"wp-social-link wp-social-link-instagram wp-block-social-link\"><a href=\"https:\/\/www.instagram.com\/apvd_agency\/?img_index=1\" aria-label=\"Instagram: https:\/\/www.instagram.com\/apvd_agency\/?img_index=1\"  class=\"wp-block-social-link-anchor\"> <svg width=\"24\" height=\"24\" viewBox=\"0 0 24 24\" version=\"1.1\" xmlns=\"http:\/\/www.w3.org\/2000\/svg\" role=\"img\" aria-hidden=\"true\" focusable=\"false\"><path d=\"M12,4.622c2.403,0,2.688,0.009,3.637,0.052c0.877,0.04,1.354,0.187,1.671,0.31c0.42,0.163,0.72,0.358,1.035,0.673 c0.315,0.315,0.51,0.615,0.673,1.035c0.123,0.317,0.27,0.794,0.31,1.671c0.043,0.949,0.052,1.234,0.052,3.637 s-0.009,2.688-0.052,3.637c-0.04,0.877-0.187,1.354-0.31,1.671c-0.163,0.42-0.358,0.72-0.673,1.035 c-0.315,0.315-0.615,0.51-1.035,0.673c-0.317,0.123-0.794,0.27-1.671,0.31c-0.949,0.043-1.233,0.052-3.637,0.052 s-2.688-0.009-3.637-0.052c-0.877-0.04-1.354-0.187-1.671-0.31c-0.42-0.163-0.72-0.358-1.035-0.673 c-0.315-0.315-0.51-0.615-0.673-1.035c-0.123-0.317-0.27-0.794-0.31-1.671C4.631,14.688,4.622,14.403,4.622,12 s0.009-2.688,0.052-3.637c0.04-0.877,0.187-1.354,0.31-1.671c0.163-0.42,0.358-0.72,0.673-1.035 c0.315-0.315,0.615-0.51,1.035-0.673c0.317-0.123,0.794-0.27,1.671-0.31C9.312,4.631,9.597,4.622,12,4.622 M12,3 C9.556,3,9.249,3.01,8.289,3.054C7.331,3.098,6.677,3.25,6.105,3.472C5.513,3.702,5.011,4.01,4.511,4.511 c-0.5,0.5-0.808,1.002-1.038,1.594C3.25,6.677,3.098,7.331,3.054,8.289C3.01,9.249,3,9.556,3,12c0,2.444,0.01,2.751,0.054,3.711 c0.044,0.958,0.196,1.612,0.418,2.185c0.23,0.592,0.538,1.094,1.038,1.594c0.5,0.5,1.002,0.808,1.594,1.038 c0.572,0.222,1.227,0.375,2.185,0.418C9.249,20.99,9.556,21,12,21s2.751-0.01,3.711-0.054c0.958-0.044,1.612-0.196,2.185-0.418 c0.592-0.23,1.094-0.538,1.594-1.038c0.5-0.5,0.808-1.002,1.038-1.594c0.222-0.572,0.375-1.227,0.418-2.185 C20.99,14.751,21,14.444,21,12s-0.01-2.751-0.054-3.711c-0.044-0.958-0.196-1.612-0.418-2.185c-0.23-0.592-0.538-1.094-1.038-1.594 c-0.5-0.5-1.002-0.808-1.594-1.038c-0.572-0.222-1.227-0.375-2.185-0.418C14.751,3.01,14.444,3,12,3L12,3z M12,7.378 c-2.552,0-4.622,2.069-4.622,4.622S9.448,16.622,12,16.622s4.622-2.069,4.622-4.622S14.552,7.378,12,7.378z M12,15 c-1.657,0-3-1.343-3-3s1.343-3,3-3s3,1.343,3,3S13.657,15,12,15z M16.804,6.116c-0.596,0-1.08,0.484-1.08,1.08 s0.484,1.08,1.08,1.08c0.596,0,1.08-0.484,1.08-1.08S17.401,6.116,16.804,6.116z\"><\/path><\/svg><\/a><\/li>\n\n<li class=\"wp-social-link wp-social-link-facebook wp-block-social-link\"><a href=\"https:\/\/www.facebook.com\/APVDsrl\/?locale=it_IT\" aria-label=\"Facebook: https:\/\/www.facebook.com\/APVDsrl\/?locale=it_IT\"  class=\"wp-block-social-link-anchor\"> <svg width=\"24\" height=\"24\" viewBox=\"0 0 24 24\" version=\"1.1\" xmlns=\"http:\/\/www.w3.org\/2000\/svg\" role=\"img\" aria-hidden=\"true\" focusable=\"false\"><path d=\"M12 2C6.5 2 2 6.5 2 12c0 5 3.7 9.1 8.4 9.9v-7H7.9V12h2.5V9.8c0-2.5 1.5-3.9 3.8-3.9 1.1 0 2.2.2 2.2.2v2.5h-1.3c-1.2 0-1.6.8-1.6 1.6V12h2.8l-.4 2.9h-2.3v7C18.3 21.1 22 17 22 12c0-5.5-4.5-10-10-10z\"><\/path><\/svg><\/a><\/li>\n\n<li class=\"wp-social-link wp-social-link-linkedin wp-block-social-link\"><a href=\"https:\/\/www.linkedin.com\/company\/781577\/admin\/feed\/posts\/\" aria-label=\"LinkedIn: https:\/\/www.linkedin.com\/company\/781577\/admin\/feed\/posts\/\"  class=\"wp-block-social-link-anchor\"> <svg width=\"24\" height=\"24\" viewBox=\"0 0 24 24\" version=\"1.1\" xmlns=\"http:\/\/www.w3.org\/2000\/svg\" role=\"img\" aria-hidden=\"true\" focusable=\"false\"><path d=\"M19.7,3H4.3C3.582,3,3,3.582,3,4.3v15.4C3,20.418,3.582,21,4.3,21h15.4c0.718,0,1.3-0.582,1.3-1.3V4.3 C21,3.582,20.418,3,19.7,3z M8.339,18.338H5.667v-8.59h2.672V18.338z M7.004,8.574c-0.857,0-1.549-0.694-1.549-1.548 c0-0.855,0.691-1.548,1.549-1.548c0.854,0,1.547,0.694,1.547,1.548C8.551,7.881,7.858,8.574,7.004,8.574z M18.339,18.338h-2.669 v-4.177c0-0.996-0.017-2.278-1.387-2.278c-1.389,0-1.601,1.086-1.601,2.206v4.249h-2.667v-8.59h2.559v1.174h0.037 c0.356-0.675,1.227-1.387,2.526-1.387c2.703,0,3.203,1.779,3.203,4.092V18.338z\"><\/path><\/svg><\/a><\/li><\/ul>\n\n\n\n<p>Fonti: <\/p>\n\n\n\n<ul class=\"has-small-font-size\"><li><a href=\"https:\/\/www.tuttotech.net\/tag\/apple-vision-pro\" target=\"_blank\" rel=\"noreferrer noopener\">https:\/\/www.tuttotech.net\/tag\/apple-vision-pro<\/a> <\/li><li><a href=\"https:\/\/www.meta.com\/it\/quest\/quest-3\/\" target=\"_blank\" rel=\"noreferrer noopener\">https:\/\/www.meta.com\/it\/quest\/quest-3\/ <\/a><\/li><li><a href=\"https:\/\/www.hdblog.it\/indossabili\/articoli\/n578385\/vision-pro-apple-app-native\/\" target=\"_blank\" rel=\"noreferrer noopener\">https:\/\/www.hdblog.it\/indossabili\/articoli\/n578385\/vision-pro-apple-app-native\/ <\/a><\/li><li><a href=\"https:\/\/www.adnkronos.com\/tecnologia\/apple-vision-pro-quando-arriva-in-italia_9pAumCsttmRHin79DBxlI\" target=\"_blank\" rel=\"noreferrer noopener\">https:\/\/www.adnkronos.com\/tecnologia\/apple-vision-pro-quando-arriva-in-italia_9pAumCsttmRHin79DBxlI <\/a><\/li><\/ul>\n","protected":false},"excerpt":{"rendered":"<p>Durante la Worldwide Developers Conference (WWDC) nel 2023, Apple ha presentato Vision Pro, un visore che sfrutta la realt\u00e0 aumentata (AR) e la realt\u00e0 virtuale (VR). Il visore \u00e8 stato realizzato dall\u2019azienda Cupertino, ha un proprio sistema operativo dal nome VisorOS e integra il framework di sviluppo ARKit 6. Il prodotto \u00e8 in vendita dal [&hellip;]<\/p>\n","protected":false},"author":1,"featured_media":358,"comment_status":"closed","ping_status":"closed","sticky":false,"template":"","format":"standard","meta":{"inline_featured_image":false},"categories":[7,5],"tags":[],"yoast_head":"<title>Apple vision pro: tutto quello che c&#039;\u00e8 da sapere - ORANJUICE<\/title>\n<meta name=\"description\" content=\"Apple ha presentato Vision Pro, in vendita dal 2 febbraio 2024 soltanto nel mercato americano. Scopri come funzionano e che uso hanno.\" \/>\n<meta name=\"robots\" content=\"index, follow, max-snippet:-1, max-image-preview:large, max-video-preview:-1\" \/>\n<link rel=\"canonical\" href=\"https:\/\/www.apvd.it\/oranjuice\/apple-vision-pro-tutto-quello-che-ce-da-sapere\/\" \/>\n<meta property=\"og:locale\" content=\"it_IT\" \/>\n<meta property=\"og:type\" content=\"article\" \/>\n<meta property=\"og:title\" content=\"Apple vision pro: tutto quello che c&#039;\u00e8 da sapere - ORANJUICE\" \/>\n<meta property=\"og:description\" content=\"Apple ha presentato Vision Pro, in vendita dal 2 febbraio 2024 soltanto nel mercato americano. Scopri come funzionano e che uso hanno.\" \/>\n<meta property=\"og:url\" content=\"https:\/\/www.apvd.it\/oranjuice\/apple-vision-pro-tutto-quello-che-ce-da-sapere\/\" \/>\n<meta property=\"og:site_name\" content=\"ORANJUICE\" \/>\n<meta property=\"article:published_time\" content=\"2024-02-16T07:40:38+00:00\" \/>\n<meta property=\"article:modified_time\" content=\"2024-02-16T07:40:41+00:00\" \/>\n<meta property=\"og:image\" content=\"https:\/\/www.apvd.it\/oranjuice\/wp-content\/uploads\/2024\/02\/romeo-a-9013Se77ZY4-unsplash.jpg\" \/>\n\t<meta property=\"og:image:width\" content=\"1417\" \/>\n\t<meta property=\"og:image:height\" content=\"945\" \/>\n\t<meta property=\"og:image:type\" content=\"image\/jpeg\" \/>\n<meta name=\"twitter:card\" content=\"summary_large_image\" \/>\n<meta name=\"twitter:label1\" content=\"Written by\" \/>\n\t<meta name=\"twitter:data1\" content=\"apvd\" \/>\n\t<meta name=\"twitter:label2\" content=\"Est. reading time\" \/>\n\t<meta name=\"twitter:data2\" content=\"8 minuti\" \/>\n<script type=\"application\/ld+json\" class=\"yoast-schema-graph\">{\"@context\":\"https:\/\/schema.org\",\"@graph\":[{\"@type\":\"WebSite\",\"@id\":\"https:\/\/www.apvd.it\/oranjuice\/#website\",\"url\":\"https:\/\/www.apvd.it\/oranjuice\/\",\"name\":\"ORANJUICE\",\"description\":\"\",\"potentialAction\":[{\"@type\":\"SearchAction\",\"target\":{\"@type\":\"EntryPoint\",\"urlTemplate\":\"https:\/\/www.apvd.it\/oranjuice\/?s={search_term_string}\"},\"query-input\":\"required name=search_term_string\"}],\"inLanguage\":\"it-IT\"},{\"@type\":\"ImageObject\",\"@id\":\"https:\/\/www.apvd.it\/oranjuice\/apple-vision-pro-tutto-quello-che-ce-da-sapere\/#primaryimage\",\"inLanguage\":\"it-IT\",\"url\":\"https:\/\/www.apvd.it\/oranjuice\/wp-content\/uploads\/2024\/02\/romeo-a-9013Se77ZY4-unsplash.jpg\",\"contentUrl\":\"https:\/\/www.apvd.it\/oranjuice\/wp-content\/uploads\/2024\/02\/romeo-a-9013Se77ZY4-unsplash.jpg\",\"width\":1417,\"height\":945},{\"@type\":\"WebPage\",\"@id\":\"https:\/\/www.apvd.it\/oranjuice\/apple-vision-pro-tutto-quello-che-ce-da-sapere\/#webpage\",\"url\":\"https:\/\/www.apvd.it\/oranjuice\/apple-vision-pro-tutto-quello-che-ce-da-sapere\/\",\"name\":\"Apple vision pro: tutto quello che c'\u00e8 da sapere - ORANJUICE\",\"isPartOf\":{\"@id\":\"https:\/\/www.apvd.it\/oranjuice\/#website\"},\"primaryImageOfPage\":{\"@id\":\"https:\/\/www.apvd.it\/oranjuice\/apple-vision-pro-tutto-quello-che-ce-da-sapere\/#primaryimage\"},\"datePublished\":\"2024-02-16T07:40:38+00:00\",\"dateModified\":\"2024-02-16T07:40:41+00:00\",\"author\":{\"@id\":\"https:\/\/www.apvd.it\/oranjuice\/#\/schema\/person\/570a7b647b27cec14dccb0bdfa55af01\"},\"description\":\"Apple ha presentato Vision Pro, in vendita dal 2 febbraio 2024 soltanto nel mercato americano. Scopri come funzionano e che uso hanno.\",\"breadcrumb\":{\"@id\":\"https:\/\/www.apvd.it\/oranjuice\/apple-vision-pro-tutto-quello-che-ce-da-sapere\/#breadcrumb\"},\"inLanguage\":\"it-IT\",\"potentialAction\":[{\"@type\":\"ReadAction\",\"target\":[\"https:\/\/www.apvd.it\/oranjuice\/apple-vision-pro-tutto-quello-che-ce-da-sapere\/\"]}]},{\"@type\":\"BreadcrumbList\",\"@id\":\"https:\/\/www.apvd.it\/oranjuice\/apple-vision-pro-tutto-quello-che-ce-da-sapere\/#breadcrumb\",\"itemListElement\":[{\"@type\":\"ListItem\",\"position\":1,\"name\":\"Home\",\"item\":\"https:\/\/www.apvd.it\/oranjuice\/\"},{\"@type\":\"ListItem\",\"position\":2,\"name\":\"Apple vision pro: tutto quello che c&#8217;\u00e8 da sapere\"}]},{\"@type\":\"Person\",\"@id\":\"https:\/\/www.apvd.it\/oranjuice\/#\/schema\/person\/570a7b647b27cec14dccb0bdfa55af01\",\"name\":\"apvd\",\"image\":{\"@type\":\"ImageObject\",\"@id\":\"https:\/\/www.apvd.it\/oranjuice\/#personlogo\",\"inLanguage\":\"it-IT\",\"url\":\"https:\/\/secure.gravatar.com\/avatar\/484f3a4be3cd17736bde4db57a149d13?s=96&d=mm&r=g\",\"contentUrl\":\"https:\/\/secure.gravatar.com\/avatar\/484f3a4be3cd17736bde4db57a149d13?s=96&d=mm&r=g\",\"caption\":\"apvd\"},\"sameAs\":[\"https:\/\/www.apvd.it\/oranjuice\"]}]}<\/script>","yoast_head_json":{"title":"Apple vision pro: tutto quello che c'\u00e8 da sapere - ORANJUICE","description":"Apple ha presentato Vision Pro, in vendita dal 2 febbraio 2024 soltanto nel mercato americano. Scopri come funzionano e che uso hanno.","robots":{"index":"index","follow":"follow","max-snippet":"max-snippet:-1","max-image-preview":"max-image-preview:large","max-video-preview":"max-video-preview:-1"},"canonical":"https:\/\/www.apvd.it\/oranjuice\/apple-vision-pro-tutto-quello-che-ce-da-sapere\/","og_locale":"it_IT","og_type":"article","og_title":"Apple vision pro: tutto quello che c'\u00e8 da sapere - ORANJUICE","og_description":"Apple ha presentato Vision Pro, in vendita dal 2 febbraio 2024 soltanto nel mercato americano. Scopri come funzionano e che uso hanno.","og_url":"https:\/\/www.apvd.it\/oranjuice\/apple-vision-pro-tutto-quello-che-ce-da-sapere\/","og_site_name":"ORANJUICE","article_published_time":"2024-02-16T07:40:38+00:00","article_modified_time":"2024-02-16T07:40:41+00:00","og_image":[{"width":1417,"height":945,"url":"https:\/\/www.apvd.it\/oranjuice\/wp-content\/uploads\/2024\/02\/romeo-a-9013Se77ZY4-unsplash.jpg","type":"image\/jpeg"}],"twitter_card":"summary_large_image","twitter_misc":{"Written by":"apvd","Est. reading time":"8 minuti"},"schema":{"@context":"https:\/\/schema.org","@graph":[{"@type":"WebSite","@id":"https:\/\/www.apvd.it\/oranjuice\/#website","url":"https:\/\/www.apvd.it\/oranjuice\/","name":"ORANJUICE","description":"","potentialAction":[{"@type":"SearchAction","target":{"@type":"EntryPoint","urlTemplate":"https:\/\/www.apvd.it\/oranjuice\/?s={search_term_string}"},"query-input":"required name=search_term_string"}],"inLanguage":"it-IT"},{"@type":"ImageObject","@id":"https:\/\/www.apvd.it\/oranjuice\/apple-vision-pro-tutto-quello-che-ce-da-sapere\/#primaryimage","inLanguage":"it-IT","url":"https:\/\/www.apvd.it\/oranjuice\/wp-content\/uploads\/2024\/02\/romeo-a-9013Se77ZY4-unsplash.jpg","contentUrl":"https:\/\/www.apvd.it\/oranjuice\/wp-content\/uploads\/2024\/02\/romeo-a-9013Se77ZY4-unsplash.jpg","width":1417,"height":945},{"@type":"WebPage","@id":"https:\/\/www.apvd.it\/oranjuice\/apple-vision-pro-tutto-quello-che-ce-da-sapere\/#webpage","url":"https:\/\/www.apvd.it\/oranjuice\/apple-vision-pro-tutto-quello-che-ce-da-sapere\/","name":"Apple vision pro: tutto quello che c'\u00e8 da sapere - ORANJUICE","isPartOf":{"@id":"https:\/\/www.apvd.it\/oranjuice\/#website"},"primaryImageOfPage":{"@id":"https:\/\/www.apvd.it\/oranjuice\/apple-vision-pro-tutto-quello-che-ce-da-sapere\/#primaryimage"},"datePublished":"2024-02-16T07:40:38+00:00","dateModified":"2024-02-16T07:40:41+00:00","author":{"@id":"https:\/\/www.apvd.it\/oranjuice\/#\/schema\/person\/570a7b647b27cec14dccb0bdfa55af01"},"description":"Apple ha presentato Vision Pro, in vendita dal 2 febbraio 2024 soltanto nel mercato americano. Scopri come funzionano e che uso hanno.","breadcrumb":{"@id":"https:\/\/www.apvd.it\/oranjuice\/apple-vision-pro-tutto-quello-che-ce-da-sapere\/#breadcrumb"},"inLanguage":"it-IT","potentialAction":[{"@type":"ReadAction","target":["https:\/\/www.apvd.it\/oranjuice\/apple-vision-pro-tutto-quello-che-ce-da-sapere\/"]}]},{"@type":"BreadcrumbList","@id":"https:\/\/www.apvd.it\/oranjuice\/apple-vision-pro-tutto-quello-che-ce-da-sapere\/#breadcrumb","itemListElement":[{"@type":"ListItem","position":1,"name":"Home","item":"https:\/\/www.apvd.it\/oranjuice\/"},{"@type":"ListItem","position":2,"name":"Apple vision pro: tutto quello che c&#8217;\u00e8 da sapere"}]},{"@type":"Person","@id":"https:\/\/www.apvd.it\/oranjuice\/#\/schema\/person\/570a7b647b27cec14dccb0bdfa55af01","name":"apvd","image":{"@type":"ImageObject","@id":"https:\/\/www.apvd.it\/oranjuice\/#personlogo","inLanguage":"it-IT","url":"https:\/\/secure.gravatar.com\/avatar\/484f3a4be3cd17736bde4db57a149d13?s=96&d=mm&r=g","contentUrl":"https:\/\/secure.gravatar.com\/avatar\/484f3a4be3cd17736bde4db57a149d13?s=96&d=mm&r=g","caption":"apvd"},"sameAs":["https:\/\/www.apvd.it\/oranjuice"]}]}},"_links":{"self":[{"href":"https:\/\/www.apvd.it\/oranjuice\/wp-json\/wp\/v2\/posts\/357"}],"collection":[{"href":"https:\/\/www.apvd.it\/oranjuice\/wp-json\/wp\/v2\/posts"}],"about":[{"href":"https:\/\/www.apvd.it\/oranjuice\/wp-json\/wp\/v2\/types\/post"}],"author":[{"embeddable":true,"href":"https:\/\/www.apvd.it\/oranjuice\/wp-json\/wp\/v2\/users\/1"}],"replies":[{"embeddable":true,"href":"https:\/\/www.apvd.it\/oranjuice\/wp-json\/wp\/v2\/comments?post=357"}],"version-history":[{"count":2,"href":"https:\/\/www.apvd.it\/oranjuice\/wp-json\/wp\/v2\/posts\/357\/revisions"}],"predecessor-version":[{"id":360,"href":"https:\/\/www.apvd.it\/oranjuice\/wp-json\/wp\/v2\/posts\/357\/revisions\/360"}],"wp:featuredmedia":[{"embeddable":true,"href":"https:\/\/www.apvd.it\/oranjuice\/wp-json\/wp\/v2\/media\/358"}],"wp:attachment":[{"href":"https:\/\/www.apvd.it\/oranjuice\/wp-json\/wp\/v2\/media?parent=357"}],"wp:term":[{"taxonomy":"category","embeddable":true,"href":"https:\/\/www.apvd.it\/oranjuice\/wp-json\/wp\/v2\/categories?post=357"},{"taxonomy":"post_tag","embeddable":true,"href":"https:\/\/www.apvd.it\/oranjuice\/wp-json\/wp\/v2\/tags?post=357"}],"curies":[{"name":"wp","href":"https:\/\/api.w.org\/{rel}","templated":true}]}}